{"id":7164,"date":"2025-05-11T20:39:48","date_gmt":"2025-05-11T18:39:48","guid":{"rendered":"https:\/\/zsp1.zory.pl\/?p=7164"},"modified":"2025-05-11T20:39:48","modified_gmt":"2025-05-11T18:39:48","slug":"nasze-przedszkolaki-braly-udzial-w-projekcie-ksiazka-dla-przedszkolaka-z-miesiecznika-blizej-przedszkole-gdzie-bylo-wiele-dzialan-promujacych-czytelnictwo-wsrod-najmlodszych","status":"publish","type":"post","link":"https:\/\/zsp1.zory.pl\/?p=7164","title":{"rendered":"Nasze przedszkolaki bra\u0142y udzia\u0142 w projekcie Ksi\u0105\u017cka (dla) Przedszkolaka z miesi\u0119cznika Bli\u017cej Przedszkole, gdzie by\u0142o wiele dzia\u0142a\u0144 promuj\u0105cych czytelnictwo w\u015br\u00f3d najm\u0142odszych :"},"content":{"rendered":"\n<ul class=\"wp-block-list\">\n<li>wyj\u015bcie do biblioteki szkolnej,<\/li>\n\n\n\n<li>odwiedzi\u0142y Miejsk\u0105 Bibliotek\u0119 Publiczn\u0105 w \u017borach im. Otto Sterna,<\/li>\n\n\n\n<li>podczas zaj\u0119\u0107 popo\u0142udniowych odbywa\u0142o si\u0119 g\u0142o\u015bne czytanie bajek,<\/li>\n\n\n\n<li>zorganizowano spotkanie z lokaln\u0105 autork\u0105 ksi\u0105\u017cek dla dzieci zainspirowan\u0105 kultur\u0105 ludow\u0105 Dari\u0105 Szmelik,<\/li>\n\n\n\n<li>udzia\u0142 w og\u00f3lnopolskiej akcji czytelniczej Wydawnictwa \u017bwakowskiego \u201eLuty z Cukierkiem \u2013 Ksi\u0105\u017cki z pazurkiem\u201d, kt\u00f3rej celem by\u0142a promocja czytelnictwa w\u015br\u00f3d najm\u0142odszych i u\u015bwiadomienie, \u017ce czytanie ksi\u0105\u017cek jest inwestycj\u0105 we w\u0142asn\u0105 przysz\u0142o\u015b\u0107,<\/li>\n\n\n\n<li>udzia\u0142 w mi\u0119dzynarodowej akcji \u201eCzytanie na polanie\u201d autorstwa Katarzyny Paligi,<\/li>\n\n\n\n<li>Zgodnie z tematem tygodnia nauczyciel korzysta\u0142 z teatrzyku Kamishibai czyli \u201epapierowy teatr\u201d,<\/li>\n\n\n\n<li>udzia\u0142 w Narodowym Dniu G\u0142o\u015bnego Czytania z udzia\u0142em szko\u0142y,<\/li>\n\n\n\n<li>stworzony zosta\u0142 przedszkolny punkt wymiany ksi\u0105\u017cek, czyli \u201eKsi\u0105\u017cka w podr\u00f3\u017cy\u201d \u2013 akcja bookcrossing.<\/li>\n<\/ul>\n\n\n\n<p>Wszystkie akcje przeprowadzone w naszym przedszkolu z inicjatywy projektu Ksi\u0105\u017cka (dla) Przedszkolaka maj\u0105 na celu promowanie czytelnictwa i rozbudzania mi\u0142o\u015bci do literatury ju\u017c od najm\u0142odszych lat dlatego nasze przedszkolaki maj\u0105 codzienny dost\u0119p do biblioteczki z ksi\u0105\u017ckami w ka\u017cdej sali.<\/p>\n\n\n\n<figure class=\"wp-block-gallery has-nested-images columns-default is-cropped wp-block-gallery-1 is-layout-flex wp-block-gallery-is-layout-flex\">\n<figure class=\"wp-block-image size-large\"><img loading=\"lazy\" decoding=\"async\" width=\"1024\" height=\"768\" data-id=\"7170\" src=\"https:\/\/zsp1.zory.pl\/wp-content\/uploads\/2025\/05\/1000013687-1024x768.jpg\" alt=\"\" class=\"wp-image-7170\" srcset=\"https:\/\/zsp1.zory.pl\/wp-content\/uploads\/2025\/05\/1000013687-980x735.jpg 980w, https:\/\/zsp1.zory.pl\/wp-content\/uploads\/2025\/05\/1000013687-480x360.jpg 480w\" sizes=\"auto, (min-width: 0px) and (max-width: 480px) 480px, (min-width: 481px) and (max-width: 980px) 980px, (min-width: 981px) 1024px, 100vw\" \/><\/figure>\n\n\n\n<figure class=\"wp-block-image size-large\"><img loading=\"lazy\" decoding=\"async\" width=\"768\" height=\"1024\" data-id=\"7167\" src=\"https:\/\/zsp1.zory.pl\/wp-content\/uploads\/2025\/05\/1000013688-768x1024.jpg\" alt=\"\" class=\"wp-image-7167\"\/><\/figure>\n\n\n\n<figure class=\"wp-block-image size-large\"><img loading=\"lazy\" decoding=\"async\" width=\"980\" height=\"551\" data-id=\"7165\" src=\"https:\/\/zsp1.zory.pl\/wp-content\/uploads\/2025\/05\/1000013689.jpg\" alt=\"\" class=\"wp-image-7165\" srcset=\"https:\/\/zsp1.zory.pl\/wp-content\/uploads\/2025\/05\/1000013689.jpg 980w, https:\/\/zsp1.zory.pl\/wp-content\/uploads\/2025\/05\/1000013689-480x270.jpg 480w\" sizes=\"auto, (min-width: 0px) and (max-width: 480px) 480px, (min-width: 481px) 980px, 100vw\" \/><\/figure>\n\n\n\n<figure class=\"wp-block-image size-large\"><img loading=\"lazy\" decoding=\"async\" width=\"567\" height=\"1024\" data-id=\"7166\" src=\"https:\/\/zsp1.zory.pl\/wp-content\/uploads\/2025\/05\/1000013690-567x1024.jpg\" alt=\"\" class=\"wp-image-7166\" srcset=\"https:\/\/zsp1.zory.pl\/wp-content\/uploads\/2025\/05\/1000013690-567x1024.jpg 567w, https:\/\/zsp1.zory.pl\/wp-content\/uploads\/2025\/05\/1000013690-480x867.jpg 480w\" sizes=\"auto, (min-width: 0px) and (max-width: 480px) 480px, (min-width: 481px) 567px, 100vw\" \/><\/figure>\n\n\n\n<figure class=\"wp-block-image size-large\"><img loading=\"lazy\" decoding=\"async\" width=\"768\" height=\"1024\" data-id=\"7169\" src=\"https:\/\/zsp1.zory.pl\/wp-content\/uploads\/2025\/05\/1000013691-768x1024.jpg\" alt=\"\" class=\"wp-image-7169\"\/><\/figure>\n\n\n\n<figure class=\"wp-block-image size-large\"><img loading=\"lazy\" decoding=\"async\" width=\"768\" height=\"1024\" data-id=\"7168\" src=\"https:\/\/zsp1.zory.pl\/wp-content\/uploads\/2025\/05\/1000013692-768x1024.jpg\" alt=\"\" class=\"wp-image-7168\"\/><\/figure>\n\n\n\n<figure class=\"wp-block-image size-large\"><img loading=\"lazy\" decoding=\"async\" width=\"1024\" height=\"768\" data-id=\"7171\" src=\"https:\/\/zsp1.zory.pl\/wp-content\/uploads\/2025\/05\/1000013693-1024x768.jpg\" alt=\"\" class=\"wp-image-7171\" srcset=\"https:\/\/zsp1.zory.pl\/wp-content\/uploads\/2025\/05\/1000013693-980x735.jpg 980w, https:\/\/zsp1.zory.pl\/wp-content\/uploads\/2025\/05\/1000013693-480x360.jpg 480w\" sizes=\"auto, (min-width: 0px) and (max-width: 480px) 480px, (min-width: 481px) and (max-width: 980px) 980px, (min-width: 981px) 1024px, 100vw\" \/><\/figure>\n<\/figure>\n","protected":false},"excerpt":{"rendered":"<p>Wszystkie akcje przeprowadzone w naszym przedszkolu z inicjatywy projektu Ksi\u0105\u017cka (dla) Przedszkolaka maj\u0105 na celu promowanie czytelnictwa i rozbudzania mi\u0142o\u015bci do literatury ju\u017c od najm\u0142odszych lat dlatego nasze przedszkolaki maj\u0105 codzienny dost\u0119p do biblioteczki z ksi\u0105\u017ckami w ka\u017cdej sali.<\/p>\n","protected":false},"author":4,"featured_media":0,"comment_status":"closed","ping_status":"open","sticky":false,"template":"","format":"standard","meta":{"_et_pb_use_builder":"","_et_pb_old_content":"","_et_gb_content_width":"","footnotes":""},"categories":[95,94],"tags":[],"class_list":["post-7164","post","type-post","status-publish","format-standard","hentry","category-galeria-kropki","category-galeria_kropki"],"_links":{"self":[{"href":"https:\/\/zsp1.zory.pl\/index.php?rest_route=\/wp\/v2\/posts\/7164","targetHints":{"allow":["GET"]}}],"collection":[{"href":"https:\/\/zsp1.zory.pl\/index.php?rest_route=\/wp\/v2\/posts"}],"about":[{"href":"https:\/\/zsp1.zory.pl\/index.php?rest_route=\/wp\/v2\/types\/post"}],"author":[{"embeddable":true,"href":"https:\/\/zsp1.zory.pl\/index.php?rest_route=\/wp\/v2\/users\/4"}],"replies":[{"embeddable":true,"href":"https:\/\/zsp1.zory.pl\/index.php?rest_route=%2Fwp%2Fv2%2Fcomments&post=7164"}],"version-history":[{"count":1,"href":"https:\/\/zsp1.zory.pl\/index.php?rest_route=\/wp\/v2\/posts\/7164\/revisions"}],"predecessor-version":[{"id":7172,"href":"https:\/\/zsp1.zory.pl\/index.php?rest_route=\/wp\/v2\/posts\/7164\/revisions\/7172"}],"wp:attachment":[{"href":"https:\/\/zsp1.zory.pl\/index.php?rest_route=%2Fwp%2Fv2%2Fmedia&parent=7164"}],"wp:term":[{"taxonomy":"category","embeddable":true,"href":"https:\/\/zsp1.zory.pl\/index.php?rest_route=%2Fwp%2Fv2%2Fcategories&post=7164"},{"taxonomy":"post_tag","embeddable":true,"href":"https:\/\/zsp1.zory.pl\/index.php?rest_route=%2Fwp%2Fv2%2Ftags&post=7164"}],"curies":[{"name":"wp","href":"https:\/\/api.w.org\/{rel}","templated":true}]}}